{"id":8820,"date":"2026-04-09T12:35:35","date_gmt":"2026-04-09T10:35:35","guid":{"rendered":"https:\/\/www.jpack.it\/?p=8820"},"modified":"2026-05-04T14:25:18","modified_gmt":"2026-05-04T12:25:18","slug":"interpack-2026-j-pack-dusseldorf-7-13-mai","status":"publish","type":"post","link":"https:\/\/www.jpack.it\/fr\/news\/interpack-2026-j-pack-dusseldorf-7-13-mai\/","title":{"rendered":"J PACK &#8211; INTERPACK &#8211; D\u00dcSSELDORF &#8211; 7-13 MAI"},"content":{"rendered":"<h2>J Pack \u00e0 Interpack 2026<\/h2>\n<p>Dans moins d&rsquo;un mois, le salon Interpack ouvrira ses portes ! C&rsquo;est le plus grand \u00e9v\u00e9nement au monde d\u00e9di\u00e9 au secteur de l&#8217;emballage dans son int\u00e9gralit\u00e9.<\/p>\n<p>\ud83d\udd17 <a href=\"https:\/\/www.interpack.com\/\">https:\/\/www.interpack.com\/<\/a><\/p>\n<p>\ud83d\udccd On se voit l\u00e0-bas ! D\u00fcsseldorf, Allemagne | 7-13 mai<\/p>\n<p>\ud83d\ude80 Retrouvez-nous au : <strong>HALL 5 &#8211; STAND F44<\/strong><\/p>\n<h2>Pourquoi visiter l&rsquo;exposition<\/h2>\n<p>\u2705 Toute la cha\u00eene d&rsquo;approvisionnement de l&#8217;emballage au c\u0153ur d\u2019un rendez-vous unique<\/p>\n<p>\u2705 8 secteurs principaux : alimentaire, boissons, confiserie, boulangerie, pharmacie, cosm\u00e9tique, produits non-alimentaires et biens industriels<\/p>\n<p>\u2705 Un point de rencontre mondial pour les d\u00e9cideurs de l&rsquo;industrie<\/p>\n<p>\u2705 Une vitrine prestigieuse pour construire l&rsquo;avenir de l&#8217;emballage : derni\u00e8res tendances, technologies et innovations<\/p>\n<p>\u2705 La durabilit\u00e9 au c\u0153ur du salon : des mat\u00e9riaux durables aux processus de production efficaces, en explorant des solutions pour les d\u00e9fis \u00e9cologiques d&rsquo;aujourd&rsquo;hui.<\/p>\n<h2><strong>Nouveaut\u00e9s J Pack au salon Interpack<\/strong><\/h2>\n<p>Cette vitrine d\u2019exception sera l&rsquo;occasion de pr\u00e9senter des nouveaut\u00e9s majeures concernant notre gamme de machines d&#8217;emballage. \u00c0 Interpack, nous pr\u00e9senterons deux nouveaux mod\u00e8les :<\/p>\n<ul>\n<li data-path-to-node=\"9,0,0\"><strong data-path-to-node=\"9,0,0\" data-index-in-node=\"0\">TSS103-SKIN :<\/strong> Operculeuse pneumatique semi-automatique de table pour le conditionnement skin.<\/li>\n<li data-path-to-node=\"9,1,0\"><strong data-path-to-node=\"9,1,0\" data-index-in-node=\"0\">TSS400-CUBIX :<\/strong> Operculeuse semi-automatique pneumatique avec quatre moules de d\u00e9coupe personnalis\u00e9s int\u00e9gr\u00e9s et changement de format automatique.<\/li>\n<\/ul><p><img loading=\"lazy\" decoding=\"async\" class=\" wp-image-8811\" src=\"https:\/\/www.jpack.it\/wp-content\/uploads\/\/J-Pack-Srl-TSS400_R-260x300.png\" alt=\"\" width=\"599\" height=\"691\" srcset=\"https:\/\/www.jpack.it\/wp-content\/uploads\/J-Pack-Srl-TSS400_R-260x300.png 260w, https:\/\/www.jpack.it\/wp-content\/uploads\/J-Pack-Srl-TSS400_R-887x1024.png 887w, https:\/\/www.jpack.it\/wp-content\/uploads\/J-Pack-Srl-TSS400_R-768x887.png 768w, https:\/\/www.jpack.it\/wp-content\/uploads\/J-Pack-Srl-TSS400_R.png 931w\" sizes=\"auto, (max-width: 599px) 100vw, 599px\" \/><\/p>\n<h2><strong>Venez ci-nous rendre visite<\/strong><\/h2>\n<p>Pour prendre rendez-vous, contactez-nous \u00e0 <a href=\"mailto:info@jpack.it\"><strong data-path-to-node=\"10\" data-index-in-node=\"234\">info@jpack.it<\/strong><\/a>.<\/p>\n<p>Consultez notre <a href=\"https:\/\/www.jpack.it\/fiere\/\">calendrier des salons<\/a> ; nous vous attendons lors des principaux rendez-vous internationaux d\u00e9di\u00e9s au monde de l&#8217;emballage et de l&rsquo;agroalimentaire.<\/p>\n","protected":false},"excerpt":{"rendered":"<p>J Pack \u00e0 Interpack 2026 Dans moins d&rsquo;un mois, le salon Interpack ouvrira ses portes ! C&rsquo;est le plus grand \u00e9v\u00e9nement au monde d\u00e9di\u00e9 au secteur de l&#8217;emballage dans son int\u00e9gralit\u00e9. \ud83d\udd17 https:\/\/www.interpack.com\/ \ud83d\udccd On se voit l\u00e0-bas ! D\u00fcsseldorf, Allemagne | 7-13 mai \ud83d\ude80 Retrouvez-nous au : HALL 5 [&hellip;]<\/p>\n","protected":false},"author":3,"featured_media":8807,"comment_status":"open","ping_status":"open","sticky":false,"template":"","format":"standard","meta":{"footnotes":""},"categories":[177,52],"tags":[],"class_list":["post-8820","post","type-post","status-publish","format-standard","has-post-thumbnail","hentry","category-homepage-fr","category-news"],"yoast_head":"<!-- This site is optimized with the Yoast SEO plugin v28.1 - https:\/\/yoast.com\/product\/yoast-seo-wordpress\/ -->\n<title>J PACK - INTERPACK - D\u00dcSSELDORF - 7-13 MAI - J Pack<\/title>\n<meta name=\"description\" content=\"J Pack sera au salon Interpack 2026 le plus grand \u00e9v\u00e9nement au monde d\u00e9di\u00e9 au secteur de l&#039;emballage dans son int\u00e9gralit\u00e9. Visitez notre stand\" \/>\n<meta name=\"robots\" content=\"index, follow, max-snippet:-1, max-image-preview:large, max-video-preview:-1\" \/>\n<link rel=\"canonical\" href=\"https:\/\/www.jpack.it\/news\/interpack-2026-j-pack-dusseldorf-7-13-maggio\/\" \/>\n<meta property=\"og:locale\" content=\"fr_FR\" \/>\n<meta property=\"og:type\" content=\"article\" \/>\n<meta property=\"og:title\" content=\"J PACK - INTERPACK - D\u00dcSSELDORF - 7-13 MAI - J Pack\" \/>\n<meta property=\"og:description\" content=\"J Pack sera au salon Interpack 2026 le plus grand \u00e9v\u00e9nement au monde d\u00e9di\u00e9 au secteur de l&#039;emballage dans son int\u00e9gralit\u00e9. Visitez notre stand\" \/>\n<meta property=\"og:url\" content=\"https:\/\/www.jpack.it\/news\/interpack-2026-j-pack-dusseldorf-7-13-maggio\/\" \/>\n<meta property=\"og:site_name\" content=\"J Pack\" \/>\n<meta property=\"article:publisher\" content=\"https:\/\/www.facebook.com\/JpackPackagingMachines\" \/>\n<meta property=\"article:published_time\" content=\"2026-04-09T10:35:35+00:00\" \/>\n<meta property=\"article:modified_time\" content=\"2026-05-04T12:25:18+00:00\" \/>\n<meta property=\"og:image\" content=\"https:\/\/www.jpack.it\/wp-content\/uploads\/INTERPACK-2026-DUSSELDORF-J-PACK.png\" \/>\n\t<meta property=\"og:image:width\" content=\"800\" \/>\n\t<meta property=\"og:image:height\" content=\"600\" \/>\n\t<meta property=\"og:image:type\" content=\"image\/png\" \/>\n<meta name=\"author\" content=\"J Pack\" \/>\n<meta name=\"twitter:card\" content=\"summary_large_image\" \/>\n<meta name=\"twitter:label1\" content=\"\u00c9crit par\" \/>\n\t<meta name=\"twitter:data1\" content=\"J Pack\" \/>\n\t<meta name=\"twitter:label2\" content=\"Dur\u00e9e de lecture estim\u00e9e\" \/>\n\t<meta name=\"twitter:data2\" content=\"1 minute\" \/>\n<script type=\"application\/ld+json\" class=\"yoast-schema-graph\">{\"@context\":\"https:\\\/\\\/schema.org\",\"@graph\":[{\"@type\":\"Article\",\"@id\":\"https:\\\/\\\/www.jpack.it\\\/news\\\/interpack-2026-j-pack-dusseldorf-7-13-maggio\\\/#article\",\"isPartOf\":{\"@id\":\"https:\\\/\\\/www.jpack.it\\\/news\\\/interpack-2026-j-pack-dusseldorf-7-13-maggio\\\/\"},\"author\":{\"name\":\"J Pack\",\"@id\":\"https:\\\/\\\/www.jpack.it\\\/#\\\/schema\\\/person\\\/ecf1b6817154cee406dbea6bf3d61d9a\"},\"headline\":\"J PACK &#8211; INTERPACK &#8211; D\u00dcSSELDORF &#8211; 7-13 MAI\",\"datePublished\":\"2026-04-09T10:35:35+00:00\",\"dateModified\":\"2026-05-04T12:25:18+00:00\",\"mainEntityOfPage\":{\"@id\":\"https:\\\/\\\/www.jpack.it\\\/news\\\/interpack-2026-j-pack-dusseldorf-7-13-maggio\\\/\"},\"wordCount\":259,\"commentCount\":0,\"publisher\":{\"@id\":\"https:\\\/\\\/www.jpack.it\\\/#organization\"},\"image\":{\"@id\":\"https:\\\/\\\/www.jpack.it\\\/news\\\/interpack-2026-j-pack-dusseldorf-7-13-maggio\\\/#primaryimage\"},\"thumbnailUrl\":\"https:\\\/\\\/www.jpack.it\\\/wp-content\\\/uploads\\\/INTERPACK-2026-DUSSELDORF-J-PACK.png\",\"articleSection\":[\"Homepage\",\"News\"],\"inLanguage\":\"fr-FR\",\"potentialAction\":[{\"@type\":\"CommentAction\",\"name\":\"Comment\",\"target\":[\"https:\\\/\\\/www.jpack.it\\\/news\\\/interpack-2026-j-pack-dusseldorf-7-13-maggio\\\/#respond\"]}]},{\"@type\":\"WebPage\",\"@id\":\"https:\\\/\\\/www.jpack.it\\\/news\\\/interpack-2026-j-pack-dusseldorf-7-13-maggio\\\/\",\"url\":\"https:\\\/\\\/www.jpack.it\\\/news\\\/interpack-2026-j-pack-dusseldorf-7-13-maggio\\\/\",\"name\":\"J PACK - INTERPACK - D\u00dcSSELDORF - 7-13 MAI - J Pack\",\"isPartOf\":{\"@id\":\"https:\\\/\\\/www.jpack.it\\\/#website\"},\"primaryImageOfPage\":{\"@id\":\"https:\\\/\\\/www.jpack.it\\\/news\\\/interpack-2026-j-pack-dusseldorf-7-13-maggio\\\/#primaryimage\"},\"image\":{\"@id\":\"https:\\\/\\\/www.jpack.it\\\/news\\\/interpack-2026-j-pack-dusseldorf-7-13-maggio\\\/#primaryimage\"},\"thumbnailUrl\":\"https:\\\/\\\/www.jpack.it\\\/wp-content\\\/uploads\\\/INTERPACK-2026-DUSSELDORF-J-PACK.png\",\"datePublished\":\"2026-04-09T10:35:35+00:00\",\"dateModified\":\"2026-05-04T12:25:18+00:00\",\"description\":\"J Pack sera au salon Interpack 2026 le plus grand \u00e9v\u00e9nement au monde d\u00e9di\u00e9 au secteur de l'emballage dans son int\u00e9gralit\u00e9. Visitez notre stand\",\"breadcrumb\":{\"@id\":\"https:\\\/\\\/www.jpack.it\\\/news\\\/interpack-2026-j-pack-dusseldorf-7-13-maggio\\\/#breadcrumb\"},\"inLanguage\":\"fr-FR\",\"potentialAction\":[{\"@type\":\"ReadAction\",\"target\":[\"https:\\\/\\\/www.jpack.it\\\/news\\\/interpack-2026-j-pack-dusseldorf-7-13-maggio\\\/\"]}]},{\"@type\":\"ImageObject\",\"inLanguage\":\"fr-FR\",\"@id\":\"https:\\\/\\\/www.jpack.it\\\/news\\\/interpack-2026-j-pack-dusseldorf-7-13-maggio\\\/#primaryimage\",\"url\":\"https:\\\/\\\/www.jpack.it\\\/wp-content\\\/uploads\\\/INTERPACK-2026-DUSSELDORF-J-PACK.png\",\"contentUrl\":\"https:\\\/\\\/www.jpack.it\\\/wp-content\\\/uploads\\\/INTERPACK-2026-DUSSELDORF-J-PACK.png\",\"width\":800,\"height\":600,\"caption\":\"INTERPACK-2026-DUSSELDORF-J-PACK\"},{\"@type\":\"BreadcrumbList\",\"@id\":\"https:\\\/\\\/www.jpack.it\\\/news\\\/interpack-2026-j-pack-dusseldorf-7-13-maggio\\\/#breadcrumb\",\"itemListElement\":[{\"@type\":\"ListItem\",\"position\":1,\"name\":\"Home\",\"item\":\"https:\\\/\\\/www.jpack.it\\\/fr\\\/\"},{\"@type\":\"ListItem\",\"position\":2,\"name\":\"J PACK &#8211; INTERPACK &#8211; D\u00dcSSELDORF &#8211; 7-13 MAI\"}]},{\"@type\":\"WebSite\",\"@id\":\"https:\\\/\\\/www.jpack.it\\\/#website\",\"url\":\"https:\\\/\\\/www.jpack.it\\\/\",\"name\":\"J Pack\",\"description\":\"TERMOSALDATRICI TERMOSIGILLATRICI ALIMENTARI IN VASCHETTE, MACCHINE PER IL VUOTO\",\"publisher\":{\"@id\":\"https:\\\/\\\/www.jpack.it\\\/#organization\"},\"potentialAction\":[{\"@type\":\"SearchAction\",\"target\":{\"@type\":\"EntryPoint\",\"urlTemplate\":\"https:\\\/\\\/www.jpack.it\\\/?s={search_term_string}\"},\"query-input\":{\"@type\":\"PropertyValueSpecification\",\"valueRequired\":true,\"valueName\":\"search_term_string\"}}],\"inLanguage\":\"fr-FR\"},{\"@type\":\"Organization\",\"@id\":\"https:\\\/\\\/www.jpack.it\\\/#organization\",\"name\":\"J Pack Srl\",\"url\":\"https:\\\/\\\/www.jpack.it\\\/\",\"logo\":{\"@type\":\"ImageObject\",\"inLanguage\":\"fr-FR\",\"@id\":\"https:\\\/\\\/www.jpack.it\\\/#\\\/schema\\\/logo\\\/image\\\/\",\"url\":\"https:\\\/\\\/www.jpack.it\\\/wp-content\\\/uploads\\\/Logo-definitivo.png\",\"contentUrl\":\"https:\\\/\\\/www.jpack.it\\\/wp-content\\\/uploads\\\/Logo-definitivo.png\",\"width\":125,\"height\":65,\"caption\":\"J Pack Srl\"},\"image\":{\"@id\":\"https:\\\/\\\/www.jpack.it\\\/#\\\/schema\\\/logo\\\/image\\\/\"},\"sameAs\":[\"https:\\\/\\\/www.facebook.com\\\/JpackPackagingMachines\",\"https:\\\/\\\/www.linkedin.com\\\/company\\\/jpack-packagingmachines\\\/\",\"https:\\\/\\\/www.youtube.com\\\/jpacksrl\"]},{\"@type\":\"Person\",\"@id\":\"https:\\\/\\\/www.jpack.it\\\/#\\\/schema\\\/person\\\/ecf1b6817154cee406dbea6bf3d61d9a\",\"name\":\"J Pack\",\"image\":{\"@type\":\"ImageObject\",\"inLanguage\":\"fr-FR\",\"@id\":\"https:\\\/\\\/secure.gravatar.com\\\/avatar\\\/8e5b7c0a99513e5f1f7c0348812cbce6c5924d0ef26d9566f470b942dc3d1222?s=96&d=mm&r=g\",\"url\":\"https:\\\/\\\/secure.gravatar.com\\\/avatar\\\/8e5b7c0a99513e5f1f7c0348812cbce6c5924d0ef26d9566f470b942dc3d1222?s=96&d=mm&r=g\",\"contentUrl\":\"https:\\\/\\\/secure.gravatar.com\\\/avatar\\\/8e5b7c0a99513e5f1f7c0348812cbce6c5924d0ef26d9566f470b942dc3d1222?s=96&d=mm&r=g\",\"caption\":\"J Pack\"}}]}<\/script>\n<!-- \/ Yoast SEO plugin. -->","yoast_head_json":{"title":"J PACK - INTERPACK - D\u00dcSSELDORF - 7-13 MAI - J Pack","description":"J Pack sera au salon Interpack 2026 le plus grand \u00e9v\u00e9nement au monde d\u00e9di\u00e9 au secteur de l'emballage dans son int\u00e9gralit\u00e9. Visitez notre stand","robots":{"index":"index","follow":"follow","max-snippet":"max-snippet:-1","max-image-preview":"max-image-preview:large","max-video-preview":"max-video-preview:-1"},"canonical":"https:\/\/www.jpack.it\/news\/interpack-2026-j-pack-dusseldorf-7-13-maggio\/","og_locale":"fr_FR","og_type":"article","og_title":"J PACK - INTERPACK - D\u00dcSSELDORF - 7-13 MAI - J Pack","og_description":"J Pack sera au salon Interpack 2026 le plus grand \u00e9v\u00e9nement au monde d\u00e9di\u00e9 au secteur de l'emballage dans son int\u00e9gralit\u00e9. Visitez notre stand","og_url":"https:\/\/www.jpack.it\/news\/interpack-2026-j-pack-dusseldorf-7-13-maggio\/","og_site_name":"J Pack","article_publisher":"https:\/\/www.facebook.com\/JpackPackagingMachines","article_published_time":"2026-04-09T10:35:35+00:00","article_modified_time":"2026-05-04T12:25:18+00:00","og_image":[{"width":800,"height":600,"url":"https:\/\/www.jpack.it\/wp-content\/uploads\/INTERPACK-2026-DUSSELDORF-J-PACK.png","type":"image\/png"}],"author":"J Pack","twitter_card":"summary_large_image","twitter_misc":{"\u00c9crit par":"J Pack","Dur\u00e9e de lecture estim\u00e9e":"1 minute"},"schema":{"@context":"https:\/\/schema.org","@graph":[{"@type":"Article","@id":"https:\/\/www.jpack.it\/news\/interpack-2026-j-pack-dusseldorf-7-13-maggio\/#article","isPartOf":{"@id":"https:\/\/www.jpack.it\/news\/interpack-2026-j-pack-dusseldorf-7-13-maggio\/"},"author":{"name":"J Pack","@id":"https:\/\/www.jpack.it\/#\/schema\/person\/ecf1b6817154cee406dbea6bf3d61d9a"},"headline":"J PACK &#8211; INTERPACK &#8211; D\u00dcSSELDORF &#8211; 7-13 MAI","datePublished":"2026-04-09T10:35:35+00:00","dateModified":"2026-05-04T12:25:18+00:00","mainEntityOfPage":{"@id":"https:\/\/www.jpack.it\/news\/interpack-2026-j-pack-dusseldorf-7-13-maggio\/"},"wordCount":259,"commentCount":0,"publisher":{"@id":"https:\/\/www.jpack.it\/#organization"},"image":{"@id":"https:\/\/www.jpack.it\/news\/interpack-2026-j-pack-dusseldorf-7-13-maggio\/#primaryimage"},"thumbnailUrl":"https:\/\/www.jpack.it\/wp-content\/uploads\/INTERPACK-2026-DUSSELDORF-J-PACK.png","articleSection":["Homepage","News"],"inLanguage":"fr-FR","potentialAction":[{"@type":"CommentAction","name":"Comment","target":["https:\/\/www.jpack.it\/news\/interpack-2026-j-pack-dusseldorf-7-13-maggio\/#respond"]}]},{"@type":"WebPage","@id":"https:\/\/www.jpack.it\/news\/interpack-2026-j-pack-dusseldorf-7-13-maggio\/","url":"https:\/\/www.jpack.it\/news\/interpack-2026-j-pack-dusseldorf-7-13-maggio\/","name":"J PACK - INTERPACK - D\u00dcSSELDORF - 7-13 MAI - J Pack","isPartOf":{"@id":"https:\/\/www.jpack.it\/#website"},"primaryImageOfPage":{"@id":"https:\/\/www.jpack.it\/news\/interpack-2026-j-pack-dusseldorf-7-13-maggio\/#primaryimage"},"image":{"@id":"https:\/\/www.jpack.it\/news\/interpack-2026-j-pack-dusseldorf-7-13-maggio\/#primaryimage"},"thumbnailUrl":"https:\/\/www.jpack.it\/wp-content\/uploads\/INTERPACK-2026-DUSSELDORF-J-PACK.png","datePublished":"2026-04-09T10:35:35+00:00","dateModified":"2026-05-04T12:25:18+00:00","description":"J Pack sera au salon Interpack 2026 le plus grand \u00e9v\u00e9nement au monde d\u00e9di\u00e9 au secteur de l'emballage dans son int\u00e9gralit\u00e9. Visitez notre stand","breadcrumb":{"@id":"https:\/\/www.jpack.it\/news\/interpack-2026-j-pack-dusseldorf-7-13-maggio\/#breadcrumb"},"inLanguage":"fr-FR","potentialAction":[{"@type":"ReadAction","target":["https:\/\/www.jpack.it\/news\/interpack-2026-j-pack-dusseldorf-7-13-maggio\/"]}]},{"@type":"ImageObject","inLanguage":"fr-FR","@id":"https:\/\/www.jpack.it\/news\/interpack-2026-j-pack-dusseldorf-7-13-maggio\/#primaryimage","url":"https:\/\/www.jpack.it\/wp-content\/uploads\/INTERPACK-2026-DUSSELDORF-J-PACK.png","contentUrl":"https:\/\/www.jpack.it\/wp-content\/uploads\/INTERPACK-2026-DUSSELDORF-J-PACK.png","width":800,"height":600,"caption":"INTERPACK-2026-DUSSELDORF-J-PACK"},{"@type":"BreadcrumbList","@id":"https:\/\/www.jpack.it\/news\/interpack-2026-j-pack-dusseldorf-7-13-maggio\/#breadcrumb","itemListElement":[{"@type":"ListItem","position":1,"name":"Home","item":"https:\/\/www.jpack.it\/fr\/"},{"@type":"ListItem","position":2,"name":"J PACK &#8211; INTERPACK &#8211; D\u00dcSSELDORF &#8211; 7-13 MAI"}]},{"@type":"WebSite","@id":"https:\/\/www.jpack.it\/#website","url":"https:\/\/www.jpack.it\/","name":"J Pack","description":"TERMOSALDATRICI TERMOSIGILLATRICI ALIMENTARI IN VASCHETTE, MACCHINE PER IL VUOTO","publisher":{"@id":"https:\/\/www.jpack.it\/#organization"},"potentialAction":[{"@type":"SearchAction","target":{"@type":"EntryPoint","urlTemplate":"https:\/\/www.jpack.it\/?s={search_term_string}"},"query-input":{"@type":"PropertyValueSpecification","valueRequired":true,"valueName":"search_term_string"}}],"inLanguage":"fr-FR"},{"@type":"Organization","@id":"https:\/\/www.jpack.it\/#organization","name":"J Pack Srl","url":"https:\/\/www.jpack.it\/","logo":{"@type":"ImageObject","inLanguage":"fr-FR","@id":"https:\/\/www.jpack.it\/#\/schema\/logo\/image\/","url":"https:\/\/www.jpack.it\/wp-content\/uploads\/Logo-definitivo.png","contentUrl":"https:\/\/www.jpack.it\/wp-content\/uploads\/Logo-definitivo.png","width":125,"height":65,"caption":"J Pack Srl"},"image":{"@id":"https:\/\/www.jpack.it\/#\/schema\/logo\/image\/"},"sameAs":["https:\/\/www.facebook.com\/JpackPackagingMachines","https:\/\/www.linkedin.com\/company\/jpack-packagingmachines\/","https:\/\/www.youtube.com\/jpacksrl"]},{"@type":"Person","@id":"https:\/\/www.jpack.it\/#\/schema\/person\/ecf1b6817154cee406dbea6bf3d61d9a","name":"J Pack","image":{"@type":"ImageObject","inLanguage":"fr-FR","@id":"https:\/\/secure.gravatar.com\/avatar\/8e5b7c0a99513e5f1f7c0348812cbce6c5924d0ef26d9566f470b942dc3d1222?s=96&d=mm&r=g","url":"https:\/\/secure.gravatar.com\/avatar\/8e5b7c0a99513e5f1f7c0348812cbce6c5924d0ef26d9566f470b942dc3d1222?s=96&d=mm&r=g","contentUrl":"https:\/\/secure.gravatar.com\/avatar\/8e5b7c0a99513e5f1f7c0348812cbce6c5924d0ef26d9566f470b942dc3d1222?s=96&d=mm&r=g","caption":"J Pack"}}]}},"_links":{"self":[{"href":"https:\/\/www.jpack.it\/fr\/wp-json\/wp\/v2\/posts\/8820","targetHints":{"allow":["GET"]}}],"collection":[{"href":"https:\/\/www.jpack.it\/fr\/wp-json\/wp\/v2\/posts"}],"about":[{"href":"https:\/\/www.jpack.it\/fr\/wp-json\/wp\/v2\/types\/post"}],"author":[{"embeddable":true,"href":"https:\/\/www.jpack.it\/fr\/wp-json\/wp\/v2\/users\/3"}],"replies":[{"embeddable":true,"href":"https:\/\/www.jpack.it\/fr\/wp-json\/wp\/v2\/comments?post=8820"}],"version-history":[{"count":3,"href":"https:\/\/www.jpack.it\/fr\/wp-json\/wp\/v2\/posts\/8820\/revisions"}],"predecessor-version":[{"id":8883,"href":"https:\/\/www.jpack.it\/fr\/wp-json\/wp\/v2\/posts\/8820\/revisions\/8883"}],"wp:featuredmedia":[{"embeddable":true,"href":"https:\/\/www.jpack.it\/fr\/wp-json\/wp\/v2\/media\/8807"}],"wp:attachment":[{"href":"https:\/\/www.jpack.it\/fr\/wp-json\/wp\/v2\/media?parent=8820"}],"wp:term":[{"taxonomy":"category","embeddable":true,"href":"https:\/\/www.jpack.it\/fr\/wp-json\/wp\/v2\/categories?post=8820"},{"taxonomy":"post_tag","embeddable":true,"href":"https:\/\/www.jpack.it\/fr\/wp-json\/wp\/v2\/tags?post=8820"}],"curies":[{"name":"wp","href":"https:\/\/api.w.org\/{rel}","templated":true}]}}