{"id":6414,"date":"2023-02-01T00:00:04","date_gmt":"2023-01-31T23:00:04","guid":{"rendered":"https:\/\/www.jpack.it\/non-classifiee\/iffa-2019-francoforte-4-9-may-hall-11-1-stand-d25\/"},"modified":"2023-04-27T09:38:07","modified_gmt":"2023-04-27T07:38:07","slug":"iffa-2019-francfort-4-9-mai-pav-11-1-stand-d25","status":"publish","type":"post","link":"https:\/\/www.jpack.it\/fr\/news\/iffa-2019-francfort-4-9-mai-pav-11-1-stand-d25\/","title":{"rendered":"Interpack 2023 \u2013 D\u00fcsseldorf \u2013 04-10 Mai &#8211; Hall 5 Booth E20"},"content":{"rendered":"<p>Notre prochain \u00e9v\u00e9nement international est le salon INTERPACK de D\u00fcsseldorf. Nous vous attendons du 04 au 10 mai Hall 5 Booth E20. Pour en savoir plus <a href=\"mailto:info@jpack.it\">info@jpack.it<\/a><\/p>\n","protected":false},"excerpt":{"rendered":"<p>Notre prochain \u00e9v\u00e9nement international est le salon INTERPACK de D\u00fcsseldorf. Nous vous attendons du 04 au 10 mai Hall 5 Booth E20. Pour en savoir plus info@jpack.it<\/p>\n","protected":false},"author":2,"featured_media":7436,"comment_status":"open","ping_status":"open","sticky":false,"template":"","format":"standard","meta":{"footnotes":""},"categories":[177,52],"tags":[],"class_list":["post-6414","post","type-post","status-publish","format-standard","has-post-thumbnail","hentry","category-homepage-fr","category-news"],"yoast_head":"<!-- This site is optimized with the Yoast SEO plugin v28.1 - https:\/\/yoast.com\/product\/yoast-seo-wordpress\/ -->\n<title>Interpack 2023 \u2013 D\u00fcsseldorf \u2013 04-10 Mai - Hall 5 Booth E20 - J Pack<\/title>\n<meta name=\"robots\" content=\"index, follow, max-snippet:-1, max-image-preview:large, max-video-preview:-1\" \/>\n<link rel=\"canonical\" href=\"https:\/\/www.jpack.it\/news\/interpack-2023-dusseldorf-04-10-maggio\/\" \/>\n<meta property=\"og:locale\" content=\"fr_FR\" \/>\n<meta property=\"og:type\" content=\"article\" \/>\n<meta property=\"og:title\" content=\"Interpack 2023 \u2013 D\u00fcsseldorf \u2013 04-10 Mai - Hall 5 Booth E20 - J Pack\" \/>\n<meta property=\"og:description\" content=\"Notre prochain \u00e9v\u00e9nement international est le salon INTERPACK de D\u00fcsseldorf. Nous vous attendons du 04 au 10 mai Hall 5 Booth E20. Pour en savoir plus info@jpack.it\" \/>\n<meta property=\"og:url\" content=\"https:\/\/www.jpack.it\/news\/interpack-2023-dusseldorf-04-10-maggio\/\" \/>\n<meta property=\"og:site_name\" content=\"J Pack\" \/>\n<meta property=\"article:publisher\" content=\"https:\/\/www.facebook.com\/JpackPackagingMachines\" \/>\n<meta property=\"article:published_time\" content=\"2023-01-31T23:00:04+00:00\" \/>\n<meta property=\"article:modified_time\" content=\"2023-04-27T07:38:07+00:00\" \/>\n<meta property=\"og:image\" content=\"https:\/\/www.jpack.it\/wp-content\/uploads\/J-Pack-Interpack-PAV-5-BOOTH-E20-.png\" \/>\n\t<meta property=\"og:image:width\" content=\"1246\" \/>\n\t<meta property=\"og:image:height\" content=\"924\" \/>\n\t<meta property=\"og:image:type\" content=\"image\/png\" \/>\n<meta name=\"author\" content=\"multi\" \/>\n<meta name=\"twitter:card\" content=\"summary_large_image\" \/>\n<meta name=\"twitter:label1\" content=\"\u00c9crit par\" \/>\n\t<meta name=\"twitter:data1\" content=\"multi\" \/>\n<script type=\"application\/ld+json\" class=\"yoast-schema-graph\">{\"@context\":\"https:\\\/\\\/schema.org\",\"@graph\":[{\"@type\":\"Article\",\"@id\":\"https:\\\/\\\/www.jpack.it\\\/news\\\/interpack-2023-dusseldorf-04-10-maggio\\\/#article\",\"isPartOf\":{\"@id\":\"https:\\\/\\\/www.jpack.it\\\/news\\\/interpack-2023-dusseldorf-04-10-maggio\\\/\"},\"author\":{\"name\":\"multi\",\"@id\":\"https:\\\/\\\/www.jpack.it\\\/#\\\/schema\\\/person\\\/a8e026325a191a55e1dd3a9170e646e1\"},\"headline\":\"Interpack 2023 \u2013 D\u00fcsseldorf \u2013 04-10 Mai &#8211; Hall 5 Booth E20\",\"datePublished\":\"2023-01-31T23:00:04+00:00\",\"dateModified\":\"2023-04-27T07:38:07+00:00\",\"mainEntityOfPage\":{\"@id\":\"https:\\\/\\\/www.jpack.it\\\/news\\\/interpack-2023-dusseldorf-04-10-maggio\\\/\"},\"wordCount\":37,\"commentCount\":0,\"publisher\":{\"@id\":\"https:\\\/\\\/www.jpack.it\\\/#organization\"},\"image\":{\"@id\":\"https:\\\/\\\/www.jpack.it\\\/news\\\/interpack-2023-dusseldorf-04-10-maggio\\\/#primaryimage\"},\"thumbnailUrl\":\"https:\\\/\\\/www.jpack.it\\\/wp-content\\\/uploads\\\/J-Pack-Interpack-PAV-5-BOOTH-E20-.png\",\"articleSection\":[\"Homepage\",\"News\"],\"inLanguage\":\"fr-FR\",\"potentialAction\":[{\"@type\":\"CommentAction\",\"name\":\"Comment\",\"target\":[\"https:\\\/\\\/www.jpack.it\\\/news\\\/interpack-2023-dusseldorf-04-10-maggio\\\/#respond\"]}]},{\"@type\":\"WebPage\",\"@id\":\"https:\\\/\\\/www.jpack.it\\\/news\\\/interpack-2023-dusseldorf-04-10-maggio\\\/\",\"url\":\"https:\\\/\\\/www.jpack.it\\\/news\\\/interpack-2023-dusseldorf-04-10-maggio\\\/\",\"name\":\"Interpack 2023 \u2013 D\u00fcsseldorf \u2013 04-10 Mai - Hall 5 Booth E20 - J Pack\",\"isPartOf\":{\"@id\":\"https:\\\/\\\/www.jpack.it\\\/#website\"},\"primaryImageOfPage\":{\"@id\":\"https:\\\/\\\/www.jpack.it\\\/news\\\/interpack-2023-dusseldorf-04-10-maggio\\\/#primaryimage\"},\"image\":{\"@id\":\"https:\\\/\\\/www.jpack.it\\\/news\\\/interpack-2023-dusseldorf-04-10-maggio\\\/#primaryimage\"},\"thumbnailUrl\":\"https:\\\/\\\/www.jpack.it\\\/wp-content\\\/uploads\\\/J-Pack-Interpack-PAV-5-BOOTH-E20-.png\",\"datePublished\":\"2023-01-31T23:00:04+00:00\",\"dateModified\":\"2023-04-27T07:38:07+00:00\",\"breadcrumb\":{\"@id\":\"https:\\\/\\\/www.jpack.it\\\/news\\\/interpack-2023-dusseldorf-04-10-maggio\\\/#breadcrumb\"},\"inLanguage\":\"fr-FR\",\"potentialAction\":[{\"@type\":\"ReadAction\",\"target\":[\"https:\\\/\\\/www.jpack.it\\\/news\\\/interpack-2023-dusseldorf-04-10-maggio\\\/\"]}]},{\"@type\":\"ImageObject\",\"inLanguage\":\"fr-FR\",\"@id\":\"https:\\\/\\\/www.jpack.it\\\/news\\\/interpack-2023-dusseldorf-04-10-maggio\\\/#primaryimage\",\"url\":\"https:\\\/\\\/www.jpack.it\\\/wp-content\\\/uploads\\\/J-Pack-Interpack-PAV-5-BOOTH-E20-.png\",\"contentUrl\":\"https:\\\/\\\/www.jpack.it\\\/wp-content\\\/uploads\\\/J-Pack-Interpack-PAV-5-BOOTH-E20-.png\",\"width\":1246,\"height\":924,\"caption\":\"J-Pack-Interpack-PAV-5-BOOTH-E20-\"},{\"@type\":\"BreadcrumbList\",\"@id\":\"https:\\\/\\\/www.jpack.it\\\/news\\\/interpack-2023-dusseldorf-04-10-maggio\\\/#breadcrumb\",\"itemListElement\":[{\"@type\":\"ListItem\",\"position\":1,\"name\":\"Home\",\"item\":\"https:\\\/\\\/www.jpack.it\\\/fr\\\/\"},{\"@type\":\"ListItem\",\"position\":2,\"name\":\"Interpack 2023 \u2013 D\u00fcsseldorf \u2013 04-10 Mai &#8211; Hall 5 Booth E20\"}]},{\"@type\":\"WebSite\",\"@id\":\"https:\\\/\\\/www.jpack.it\\\/#website\",\"url\":\"https:\\\/\\\/www.jpack.it\\\/\",\"name\":\"J Pack\",\"description\":\"TERMOSALDATRICI TERMOSIGILLATRICI ALIMENTARI IN VASCHETTE, MACCHINE PER IL VUOTO\",\"publisher\":{\"@id\":\"https:\\\/\\\/www.jpack.it\\\/#organization\"},\"potentialAction\":[{\"@type\":\"SearchAction\",\"target\":{\"@type\":\"EntryPoint\",\"urlTemplate\":\"https:\\\/\\\/www.jpack.it\\\/?s={search_term_string}\"},\"query-input\":{\"@type\":\"PropertyValueSpecification\",\"valueRequired\":true,\"valueName\":\"search_term_string\"}}],\"inLanguage\":\"fr-FR\"},{\"@type\":\"Organization\",\"@id\":\"https:\\\/\\\/www.jpack.it\\\/#organization\",\"name\":\"J Pack Srl\",\"url\":\"https:\\\/\\\/www.jpack.it\\\/\",\"logo\":{\"@type\":\"ImageObject\",\"inLanguage\":\"fr-FR\",\"@id\":\"https:\\\/\\\/www.jpack.it\\\/#\\\/schema\\\/logo\\\/image\\\/\",\"url\":\"https:\\\/\\\/www.jpack.it\\\/wp-content\\\/uploads\\\/Logo-definitivo.png\",\"contentUrl\":\"https:\\\/\\\/www.jpack.it\\\/wp-content\\\/uploads\\\/Logo-definitivo.png\",\"width\":125,\"height\":65,\"caption\":\"J Pack Srl\"},\"image\":{\"@id\":\"https:\\\/\\\/www.jpack.it\\\/#\\\/schema\\\/logo\\\/image\\\/\"},\"sameAs\":[\"https:\\\/\\\/www.facebook.com\\\/JpackPackagingMachines\",\"https:\\\/\\\/www.linkedin.com\\\/company\\\/jpack-packagingmachines\\\/\",\"https:\\\/\\\/www.youtube.com\\\/jpacksrl\"]},{\"@type\":\"Person\",\"@id\":\"https:\\\/\\\/www.jpack.it\\\/#\\\/schema\\\/person\\\/a8e026325a191a55e1dd3a9170e646e1\",\"name\":\"multi\",\"image\":{\"@type\":\"ImageObject\",\"inLanguage\":\"fr-FR\",\"@id\":\"https:\\\/\\\/secure.gravatar.com\\\/avatar\\\/65a5c162b7b6c61b2b5f1c7d3956dc93781fbfe470821bc69b91b00d06dcad85?s=96&d=mm&r=g\",\"url\":\"https:\\\/\\\/secure.gravatar.com\\\/avatar\\\/65a5c162b7b6c61b2b5f1c7d3956dc93781fbfe470821bc69b91b00d06dcad85?s=96&d=mm&r=g\",\"contentUrl\":\"https:\\\/\\\/secure.gravatar.com\\\/avatar\\\/65a5c162b7b6c61b2b5f1c7d3956dc93781fbfe470821bc69b91b00d06dcad85?s=96&d=mm&r=g\",\"caption\":\"multi\"}}]}<\/script>\n<!-- \/ Yoast SEO plugin. -->","yoast_head_json":{"title":"Interpack 2023 \u2013 D\u00fcsseldorf \u2013 04-10 Mai - Hall 5 Booth E20 - J Pack","robots":{"index":"index","follow":"follow","max-snippet":"max-snippet:-1","max-image-preview":"max-image-preview:large","max-video-preview":"max-video-preview:-1"},"canonical":"https:\/\/www.jpack.it\/news\/interpack-2023-dusseldorf-04-10-maggio\/","og_locale":"fr_FR","og_type":"article","og_title":"Interpack 2023 \u2013 D\u00fcsseldorf \u2013 04-10 Mai - Hall 5 Booth E20 - J Pack","og_description":"Notre prochain \u00e9v\u00e9nement international est le salon INTERPACK de D\u00fcsseldorf. Nous vous attendons du 04 au 10 mai Hall 5 Booth E20. Pour en savoir plus info@jpack.it","og_url":"https:\/\/www.jpack.it\/news\/interpack-2023-dusseldorf-04-10-maggio\/","og_site_name":"J Pack","article_publisher":"https:\/\/www.facebook.com\/JpackPackagingMachines","article_published_time":"2023-01-31T23:00:04+00:00","article_modified_time":"2023-04-27T07:38:07+00:00","og_image":[{"width":1246,"height":924,"url":"https:\/\/www.jpack.it\/wp-content\/uploads\/J-Pack-Interpack-PAV-5-BOOTH-E20-.png","type":"image\/png"}],"author":"multi","twitter_card":"summary_large_image","twitter_misc":{"\u00c9crit par":"multi"},"schema":{"@context":"https:\/\/schema.org","@graph":[{"@type":"Article","@id":"https:\/\/www.jpack.it\/news\/interpack-2023-dusseldorf-04-10-maggio\/#article","isPartOf":{"@id":"https:\/\/www.jpack.it\/news\/interpack-2023-dusseldorf-04-10-maggio\/"},"author":{"name":"multi","@id":"https:\/\/www.jpack.it\/#\/schema\/person\/a8e026325a191a55e1dd3a9170e646e1"},"headline":"Interpack 2023 \u2013 D\u00fcsseldorf \u2013 04-10 Mai &#8211; Hall 5 Booth E20","datePublished":"2023-01-31T23:00:04+00:00","dateModified":"2023-04-27T07:38:07+00:00","mainEntityOfPage":{"@id":"https:\/\/www.jpack.it\/news\/interpack-2023-dusseldorf-04-10-maggio\/"},"wordCount":37,"commentCount":0,"publisher":{"@id":"https:\/\/www.jpack.it\/#organization"},"image":{"@id":"https:\/\/www.jpack.it\/news\/interpack-2023-dusseldorf-04-10-maggio\/#primaryimage"},"thumbnailUrl":"https:\/\/www.jpack.it\/wp-content\/uploads\/J-Pack-Interpack-PAV-5-BOOTH-E20-.png","articleSection":["Homepage","News"],"inLanguage":"fr-FR","potentialAction":[{"@type":"CommentAction","name":"Comment","target":["https:\/\/www.jpack.it\/news\/interpack-2023-dusseldorf-04-10-maggio\/#respond"]}]},{"@type":"WebPage","@id":"https:\/\/www.jpack.it\/news\/interpack-2023-dusseldorf-04-10-maggio\/","url":"https:\/\/www.jpack.it\/news\/interpack-2023-dusseldorf-04-10-maggio\/","name":"Interpack 2023 \u2013 D\u00fcsseldorf \u2013 04-10 Mai - Hall 5 Booth E20 - J Pack","isPartOf":{"@id":"https:\/\/www.jpack.it\/#website"},"primaryImageOfPage":{"@id":"https:\/\/www.jpack.it\/news\/interpack-2023-dusseldorf-04-10-maggio\/#primaryimage"},"image":{"@id":"https:\/\/www.jpack.it\/news\/interpack-2023-dusseldorf-04-10-maggio\/#primaryimage"},"thumbnailUrl":"https:\/\/www.jpack.it\/wp-content\/uploads\/J-Pack-Interpack-PAV-5-BOOTH-E20-.png","datePublished":"2023-01-31T23:00:04+00:00","dateModified":"2023-04-27T07:38:07+00:00","breadcrumb":{"@id":"https:\/\/www.jpack.it\/news\/interpack-2023-dusseldorf-04-10-maggio\/#breadcrumb"},"inLanguage":"fr-FR","potentialAction":[{"@type":"ReadAction","target":["https:\/\/www.jpack.it\/news\/interpack-2023-dusseldorf-04-10-maggio\/"]}]},{"@type":"ImageObject","inLanguage":"fr-FR","@id":"https:\/\/www.jpack.it\/news\/interpack-2023-dusseldorf-04-10-maggio\/#primaryimage","url":"https:\/\/www.jpack.it\/wp-content\/uploads\/J-Pack-Interpack-PAV-5-BOOTH-E20-.png","contentUrl":"https:\/\/www.jpack.it\/wp-content\/uploads\/J-Pack-Interpack-PAV-5-BOOTH-E20-.png","width":1246,"height":924,"caption":"J-Pack-Interpack-PAV-5-BOOTH-E20-"},{"@type":"BreadcrumbList","@id":"https:\/\/www.jpack.it\/news\/interpack-2023-dusseldorf-04-10-maggio\/#breadcrumb","itemListElement":[{"@type":"ListItem","position":1,"name":"Home","item":"https:\/\/www.jpack.it\/fr\/"},{"@type":"ListItem","position":2,"name":"Interpack 2023 \u2013 D\u00fcsseldorf \u2013 04-10 Mai &#8211; Hall 5 Booth E20"}]},{"@type":"WebSite","@id":"https:\/\/www.jpack.it\/#website","url":"https:\/\/www.jpack.it\/","name":"J Pack","description":"TERMOSALDATRICI TERMOSIGILLATRICI ALIMENTARI IN VASCHETTE, MACCHINE PER IL VUOTO","publisher":{"@id":"https:\/\/www.jpack.it\/#organization"},"potentialAction":[{"@type":"SearchAction","target":{"@type":"EntryPoint","urlTemplate":"https:\/\/www.jpack.it\/?s={search_term_string}"},"query-input":{"@type":"PropertyValueSpecification","valueRequired":true,"valueName":"search_term_string"}}],"inLanguage":"fr-FR"},{"@type":"Organization","@id":"https:\/\/www.jpack.it\/#organization","name":"J Pack Srl","url":"https:\/\/www.jpack.it\/","logo":{"@type":"ImageObject","inLanguage":"fr-FR","@id":"https:\/\/www.jpack.it\/#\/schema\/logo\/image\/","url":"https:\/\/www.jpack.it\/wp-content\/uploads\/Logo-definitivo.png","contentUrl":"https:\/\/www.jpack.it\/wp-content\/uploads\/Logo-definitivo.png","width":125,"height":65,"caption":"J Pack Srl"},"image":{"@id":"https:\/\/www.jpack.it\/#\/schema\/logo\/image\/"},"sameAs":["https:\/\/www.facebook.com\/JpackPackagingMachines","https:\/\/www.linkedin.com\/company\/jpack-packagingmachines\/","https:\/\/www.youtube.com\/jpacksrl"]},{"@type":"Person","@id":"https:\/\/www.jpack.it\/#\/schema\/person\/a8e026325a191a55e1dd3a9170e646e1","name":"multi","image":{"@type":"ImageObject","inLanguage":"fr-FR","@id":"https:\/\/secure.gravatar.com\/avatar\/65a5c162b7b6c61b2b5f1c7d3956dc93781fbfe470821bc69b91b00d06dcad85?s=96&d=mm&r=g","url":"https:\/\/secure.gravatar.com\/avatar\/65a5c162b7b6c61b2b5f1c7d3956dc93781fbfe470821bc69b91b00d06dcad85?s=96&d=mm&r=g","contentUrl":"https:\/\/secure.gravatar.com\/avatar\/65a5c162b7b6c61b2b5f1c7d3956dc93781fbfe470821bc69b91b00d06dcad85?s=96&d=mm&r=g","caption":"multi"}}]}},"_links":{"self":[{"href":"https:\/\/www.jpack.it\/fr\/wp-json\/wp\/v2\/posts\/6414","targetHints":{"allow":["GET"]}}],"collection":[{"href":"https:\/\/www.jpack.it\/fr\/wp-json\/wp\/v2\/posts"}],"about":[{"href":"https:\/\/www.jpack.it\/fr\/wp-json\/wp\/v2\/types\/post"}],"author":[{"embeddable":true,"href":"https:\/\/www.jpack.it\/fr\/wp-json\/wp\/v2\/users\/2"}],"replies":[{"embeddable":true,"href":"https:\/\/www.jpack.it\/fr\/wp-json\/wp\/v2\/comments?post=6414"}],"version-history":[{"count":15,"href":"https:\/\/www.jpack.it\/fr\/wp-json\/wp\/v2\/posts\/6414\/revisions"}],"predecessor-version":[{"id":7446,"href":"https:\/\/www.jpack.it\/fr\/wp-json\/wp\/v2\/posts\/6414\/revisions\/7446"}],"wp:featuredmedia":[{"embeddable":true,"href":"https:\/\/www.jpack.it\/fr\/wp-json\/wp\/v2\/media\/7436"}],"wp:attachment":[{"href":"https:\/\/www.jpack.it\/fr\/wp-json\/wp\/v2\/media?parent=6414"}],"wp:term":[{"taxonomy":"category","embeddable":true,"href":"https:\/\/www.jpack.it\/fr\/wp-json\/wp\/v2\/categories?post=6414"},{"taxonomy":"post_tag","embeddable":true,"href":"https:\/\/www.jpack.it\/fr\/wp-json\/wp\/v2\/tags?post=6414"}],"curies":[{"name":"wp","href":"https:\/\/api.w.org\/{rel}","templated":true}]}}