{"id":8822,"date":"2026-04-09T12:35:54","date_gmt":"2026-04-09T10:35:54","guid":{"rendered":"https:\/\/www.jpack.it\/?p=8822"},"modified":"2026-05-04T14:25:50","modified_gmt":"2026-05-04T12:25:50","slug":"interpack-2026-j-pack-dusseldorf-7-13-mayo","status":"publish","type":"post","link":"https:\/\/www.jpack.it\/es\/news\/interpack-2026-j-pack-dusseldorf-7-13-mayo\/","title":{"rendered":"INTERPACK 2026 &#8211; J PACK &#8211; D\u00dcSSELDORF &#8211; 7-13 MAYO"},"content":{"rendered":"<h2>J Pack en Interpack 2026<\/h2>\n<p>\u00a1En menos de un mes, Interpack abrir\u00e1 sus puertas! Es el evento m\u00e1s grande del mundo dedicado al sector del embalaje en su totalidad.<\/p>\n<p>\ud83d\udd17 <a href=\"https:\/\/www.interpack.com\/\">https:\/\/www.interpack.com\/<\/a><\/p>\n<p>\ud83d\udccd \u00a1Nos vemos all\u00ed! D\u00fcsseldorf, Alemania | 7-13 de mayo<\/p>\n<p>\ud83d\ude80 Encu\u00e9ntranos en: <strong>HALL 5 &#8211; STAND F44<\/strong><\/p>\n<h2>\u00a0<span data-path-to-node=\"5,1,1,0\">\u00bfPor qu\u00e9 visitar Interpack?<\/span><\/h2>\n<p>\u2705 Toda la cadena de suministro del embalaje bajo un mismo techo<\/p>\n<p>\u2705 8 sectores principales: alimentaci\u00f3n, bebidas, confiter\u00eda, panader\u00eda, farmacia, cosm\u00e9tica, productos no alimentarios y bienes industriales<\/p>\n<p>\u2705 Un punto de encuentro global para los l\u00edderes del sector<\/p>\n<p>\u2705 Un escaparate prestigioso para construir el futuro del embalaje: \u00faltimas tendencias, tecnolog\u00edas e innovaciones<\/p>\n<p>\u2705 La sostenibilidad en el coraz\u00f3n de la feria: desde materiales sostenibles hasta procesos de producci\u00f3n eficientes, explorando soluciones para los desaf\u00edos ecol\u00f3gicos actuales.<\/p>\n<h2>Novedades en la feria<\/h2>\n<p>Este importante escaparate ser\u00e1 la ocasi\u00f3n ideal para presentar importantes novedades en nuestra gama de m\u00e1quinas de envasado. En Interpack presentaremos dos nuevos modelos:<\/p>\n<ul>\n<li data-path-to-node=\"14,0,0\"><strong data-path-to-node=\"14,0,0\" data-index-in-node=\"0\">TSS103-SKIN:<\/strong> Termoselladora neum\u00e1tica semiautom\u00e1tica de sobremesa para envasado skin.<\/li>\n<li data-path-to-node=\"14,1,0\"><strong data-path-to-node=\"14,1,0\" data-index-in-node=\"0\">TSS400-CUBIX:<\/strong> Termoselladora semiautom\u00e1tica neum\u00e1tica con cuatro moldes troquelados personalizados integrados y cambio de formato autom\u00e1tico.<\/li>\n<\/ul>\n<p><img loading=\"lazy\" decoding=\"async\" class=\" wp-image-8811\" src=\"https:\/\/www.jpack.it\/wp-content\/uploads\/\/J-Pack-Srl-TSS400_R-260x300.png\" alt=\"\" width=\"599\" height=\"691\" srcset=\"https:\/\/www.jpack.it\/wp-content\/uploads\/J-Pack-Srl-TSS400_R-260x300.png 260w, https:\/\/www.jpack.it\/wp-content\/uploads\/J-Pack-Srl-TSS400_R-887x1024.png 887w, https:\/\/www.jpack.it\/wp-content\/uploads\/J-Pack-Srl-TSS400_R-768x887.png 768w, https:\/\/www.jpack.it\/wp-content\/uploads\/J-Pack-Srl-TSS400_R.png 931w\" sizes=\"auto, (max-width: 599px) 100vw, 599px\" \/><\/p>\n<p><strong style=\"font-size: 16px;\">Vis\u00edtenos en la feria<\/strong>Para solicitar una cita, cont\u00e1ctenos en <a href=\"info@jpack.it\"><strong data-path-to-node=\"15\" data-index-in-node=\"217\">info@jpack.it<\/strong><\/a>.<\/p>\n<p>Eche un vistazo a nuestro <a href=\"https:\/\/www.jpack.it\/fiere\/\">calendario de ferias<\/a>; le esperamos en los principales eventos internacionales dedicados al mundo del embalaje y la alimentaci\u00f3n.<\/p>","protected":false},"excerpt":{"rendered":"<p>J Pack en Interpack 2026 \u00a1En menos de un mes, Interpack abrir\u00e1 sus puertas! Es el evento m\u00e1s grande del mundo dedicado al sector del embalaje en su totalidad. \ud83d\udd17 https:\/\/www.interpack.com\/ \ud83d\udccd \u00a1Nos vemos all\u00ed! D\u00fcsseldorf, Alemania | 7-13 de mayo \ud83d\ude80 Encu\u00e9ntranos en: HALL 5 &#8211; STAND F44 \u00a0\u00bfPor [&hellip;]<\/p>\n","protected":false},"author":3,"featured_media":8809,"comment_status":"open","ping_status":"open","sticky":false,"template":"","format":"standard","meta":{"footnotes":""},"categories":[179,116],"tags":[],"class_list":["post-8822","post","type-post","status-publish","format-standard","has-post-thumbnail","hentry","category-homepage-es","category-news"],"yoast_head":"<!-- This site is optimized with the Yoast SEO plugin v28.1 - https:\/\/yoast.com\/product\/yoast-seo-wordpress\/ -->\n<title>INTERPACK 2026 - J PACK - D\u00dcSSELDORF - 7-13 MAYO - J Pack<\/title>\n<meta name=\"description\" content=\"J Pack participera a Interpack 2026 Es el evento m\u00e1s grande del mundo dedicado al sector del embalaje en su totalidad os esperamos en la feria\" \/>\n<meta name=\"robots\" content=\"index, follow, max-snippet:-1, max-image-preview:large, max-video-preview:-1\" \/>\n<link rel=\"canonical\" href=\"https:\/\/www.jpack.it\/news\/interpack-2026-j-pack-dusseldorf-7-13-maggio\/\" \/>\n<meta property=\"og:locale\" content=\"es_ES\" \/>\n<meta property=\"og:type\" content=\"article\" \/>\n<meta property=\"og:title\" content=\"INTERPACK 2026 - J PACK - D\u00dcSSELDORF - 7-13 MAYO - J Pack\" \/>\n<meta property=\"og:description\" content=\"J Pack participera a Interpack 2026 Es el evento m\u00e1s grande del mundo dedicado al sector del embalaje en su totalidad os esperamos en la feria\" \/>\n<meta property=\"og:url\" content=\"https:\/\/www.jpack.it\/news\/interpack-2026-j-pack-dusseldorf-7-13-maggio\/\" \/>\n<meta property=\"og:site_name\" content=\"J Pack\" \/>\n<meta property=\"article:publisher\" content=\"https:\/\/www.facebook.com\/JpackPackagingMachines\" \/>\n<meta property=\"article:published_time\" content=\"2026-04-09T10:35:54+00:00\" \/>\n<meta property=\"article:modified_time\" content=\"2026-05-04T12:25:50+00:00\" \/>\n<meta property=\"og:image\" content=\"https:\/\/www.jpack.it\/wp-content\/uploads\/INTERPACK-2026-DUSSELDORF-J-PACK.png\" \/>\n\t<meta property=\"og:image:width\" content=\"800\" \/>\n\t<meta property=\"og:image:height\" content=\"600\" \/>\n\t<meta property=\"og:image:type\" content=\"image\/png\" \/>\n<meta name=\"author\" content=\"J Pack\" \/>\n<meta name=\"twitter:card\" content=\"summary_large_image\" \/>\n<meta name=\"twitter:label1\" content=\"Escrito por\" \/>\n\t<meta name=\"twitter:data1\" content=\"J Pack\" \/>\n\t<meta name=\"twitter:label2\" content=\"Tiempo de lectura\" \/>\n\t<meta name=\"twitter:data2\" content=\"1 minuto\" \/>\n<script type=\"application\/ld+json\" class=\"yoast-schema-graph\">{\"@context\":\"https:\\\/\\\/schema.org\",\"@graph\":[{\"@type\":\"Article\",\"@id\":\"https:\\\/\\\/www.jpack.it\\\/news\\\/interpack-2026-j-pack-dusseldorf-7-13-maggio\\\/#article\",\"isPartOf\":{\"@id\":\"https:\\\/\\\/www.jpack.it\\\/news\\\/interpack-2026-j-pack-dusseldorf-7-13-maggio\\\/\"},\"author\":{\"name\":\"J Pack\",\"@id\":\"https:\\\/\\\/www.jpack.it\\\/#\\\/schema\\\/person\\\/ecf1b6817154cee406dbea6bf3d61d9a\"},\"headline\":\"INTERPACK 2026 &#8211; J PACK &#8211; D\u00dcSSELDORF &#8211; 7-13 MAYO\",\"datePublished\":\"2026-04-09T10:35:54+00:00\",\"dateModified\":\"2026-05-04T12:25:50+00:00\",\"mainEntityOfPage\":{\"@id\":\"https:\\\/\\\/www.jpack.it\\\/news\\\/interpack-2026-j-pack-dusseldorf-7-13-maggio\\\/\"},\"wordCount\":245,\"commentCount\":0,\"publisher\":{\"@id\":\"https:\\\/\\\/www.jpack.it\\\/#organization\"},\"image\":{\"@id\":\"https:\\\/\\\/www.jpack.it\\\/news\\\/interpack-2026-j-pack-dusseldorf-7-13-maggio\\\/#primaryimage\"},\"thumbnailUrl\":\"https:\\\/\\\/www.jpack.it\\\/wp-content\\\/uploads\\\/INTERPACK-2026-DUSSELDORF-J-PACK.png\",\"articleSection\":[\"Homepage\",\"News\"],\"inLanguage\":\"es\",\"potentialAction\":[{\"@type\":\"CommentAction\",\"name\":\"Comment\",\"target\":[\"https:\\\/\\\/www.jpack.it\\\/news\\\/interpack-2026-j-pack-dusseldorf-7-13-maggio\\\/#respond\"]}]},{\"@type\":\"WebPage\",\"@id\":\"https:\\\/\\\/www.jpack.it\\\/news\\\/interpack-2026-j-pack-dusseldorf-7-13-maggio\\\/\",\"url\":\"https:\\\/\\\/www.jpack.it\\\/news\\\/interpack-2026-j-pack-dusseldorf-7-13-maggio\\\/\",\"name\":\"INTERPACK 2026 - J PACK - D\u00dcSSELDORF - 7-13 MAYO - J Pack\",\"isPartOf\":{\"@id\":\"https:\\\/\\\/www.jpack.it\\\/#website\"},\"primaryImageOfPage\":{\"@id\":\"https:\\\/\\\/www.jpack.it\\\/news\\\/interpack-2026-j-pack-dusseldorf-7-13-maggio\\\/#primaryimage\"},\"image\":{\"@id\":\"https:\\\/\\\/www.jpack.it\\\/news\\\/interpack-2026-j-pack-dusseldorf-7-13-maggio\\\/#primaryimage\"},\"thumbnailUrl\":\"https:\\\/\\\/www.jpack.it\\\/wp-content\\\/uploads\\\/INTERPACK-2026-DUSSELDORF-J-PACK.png\",\"datePublished\":\"2026-04-09T10:35:54+00:00\",\"dateModified\":\"2026-05-04T12:25:50+00:00\",\"description\":\"J Pack participera a Interpack 2026 Es el evento m\u00e1s grande del mundo dedicado al sector del embalaje en su totalidad os esperamos en la feria\",\"breadcrumb\":{\"@id\":\"https:\\\/\\\/www.jpack.it\\\/news\\\/interpack-2026-j-pack-dusseldorf-7-13-maggio\\\/#breadcrumb\"},\"inLanguage\":\"es\",\"potentialAction\":[{\"@type\":\"ReadAction\",\"target\":[\"https:\\\/\\\/www.jpack.it\\\/news\\\/interpack-2026-j-pack-dusseldorf-7-13-maggio\\\/\"]}]},{\"@type\":\"ImageObject\",\"inLanguage\":\"es\",\"@id\":\"https:\\\/\\\/www.jpack.it\\\/news\\\/interpack-2026-j-pack-dusseldorf-7-13-maggio\\\/#primaryimage\",\"url\":\"https:\\\/\\\/www.jpack.it\\\/wp-content\\\/uploads\\\/INTERPACK-2026-DUSSELDORF-J-PACK.png\",\"contentUrl\":\"https:\\\/\\\/www.jpack.it\\\/wp-content\\\/uploads\\\/INTERPACK-2026-DUSSELDORF-J-PACK.png\",\"width\":800,\"height\":600,\"caption\":\"INTERPACK-2026-DUSSELDORF-J-PACK\"},{\"@type\":\"BreadcrumbList\",\"@id\":\"https:\\\/\\\/www.jpack.it\\\/news\\\/interpack-2026-j-pack-dusseldorf-7-13-maggio\\\/#breadcrumb\",\"itemListElement\":[{\"@type\":\"ListItem\",\"position\":1,\"name\":\"Home\",\"item\":\"https:\\\/\\\/www.jpack.it\\\/es\\\/\"},{\"@type\":\"ListItem\",\"position\":2,\"name\":\"INTERPACK 2026 &#8211; J PACK &#8211; D\u00dcSSELDORF &#8211; 7-13 MAYO\"}]},{\"@type\":\"WebSite\",\"@id\":\"https:\\\/\\\/www.jpack.it\\\/#website\",\"url\":\"https:\\\/\\\/www.jpack.it\\\/\",\"name\":\"J Pack\",\"description\":\"TERMOSALDATRICI TERMOSIGILLATRICI ALIMENTARI IN VASCHETTE, MACCHINE PER IL VUOTO\",\"publisher\":{\"@id\":\"https:\\\/\\\/www.jpack.it\\\/#organization\"},\"potentialAction\":[{\"@type\":\"SearchAction\",\"target\":{\"@type\":\"EntryPoint\",\"urlTemplate\":\"https:\\\/\\\/www.jpack.it\\\/?s={search_term_string}\"},\"query-input\":{\"@type\":\"PropertyValueSpecification\",\"valueRequired\":true,\"valueName\":\"search_term_string\"}}],\"inLanguage\":\"es\"},{\"@type\":\"Organization\",\"@id\":\"https:\\\/\\\/www.jpack.it\\\/#organization\",\"name\":\"J Pack Srl\",\"url\":\"https:\\\/\\\/www.jpack.it\\\/\",\"logo\":{\"@type\":\"ImageObject\",\"inLanguage\":\"es\",\"@id\":\"https:\\\/\\\/www.jpack.it\\\/#\\\/schema\\\/logo\\\/image\\\/\",\"url\":\"https:\\\/\\\/www.jpack.it\\\/wp-content\\\/uploads\\\/Logo-definitivo.png\",\"contentUrl\":\"https:\\\/\\\/www.jpack.it\\\/wp-content\\\/uploads\\\/Logo-definitivo.png\",\"width\":125,\"height\":65,\"caption\":\"J Pack Srl\"},\"image\":{\"@id\":\"https:\\\/\\\/www.jpack.it\\\/#\\\/schema\\\/logo\\\/image\\\/\"},\"sameAs\":[\"https:\\\/\\\/www.facebook.com\\\/JpackPackagingMachines\",\"https:\\\/\\\/www.linkedin.com\\\/company\\\/jpack-packagingmachines\\\/\",\"https:\\\/\\\/www.youtube.com\\\/jpacksrl\"]},{\"@type\":\"Person\",\"@id\":\"https:\\\/\\\/www.jpack.it\\\/#\\\/schema\\\/person\\\/ecf1b6817154cee406dbea6bf3d61d9a\",\"name\":\"J Pack\",\"image\":{\"@type\":\"ImageObject\",\"inLanguage\":\"es\",\"@id\":\"https:\\\/\\\/secure.gravatar.com\\\/avatar\\\/8e5b7c0a99513e5f1f7c0348812cbce6c5924d0ef26d9566f470b942dc3d1222?s=96&d=mm&r=g\",\"url\":\"https:\\\/\\\/secure.gravatar.com\\\/avatar\\\/8e5b7c0a99513e5f1f7c0348812cbce6c5924d0ef26d9566f470b942dc3d1222?s=96&d=mm&r=g\",\"contentUrl\":\"https:\\\/\\\/secure.gravatar.com\\\/avatar\\\/8e5b7c0a99513e5f1f7c0348812cbce6c5924d0ef26d9566f470b942dc3d1222?s=96&d=mm&r=g\",\"caption\":\"J Pack\"}}]}<\/script>\n<!-- \/ Yoast SEO plugin. -->","yoast_head_json":{"title":"INTERPACK 2026 - J PACK - D\u00dcSSELDORF - 7-13 MAYO - J Pack","description":"J Pack participera a Interpack 2026 Es el evento m\u00e1s grande del mundo dedicado al sector del embalaje en su totalidad os esperamos en la feria","robots":{"index":"index","follow":"follow","max-snippet":"max-snippet:-1","max-image-preview":"max-image-preview:large","max-video-preview":"max-video-preview:-1"},"canonical":"https:\/\/www.jpack.it\/news\/interpack-2026-j-pack-dusseldorf-7-13-maggio\/","og_locale":"es_ES","og_type":"article","og_title":"INTERPACK 2026 - J PACK - D\u00dcSSELDORF - 7-13 MAYO - J Pack","og_description":"J Pack participera a Interpack 2026 Es el evento m\u00e1s grande del mundo dedicado al sector del embalaje en su totalidad os esperamos en la feria","og_url":"https:\/\/www.jpack.it\/news\/interpack-2026-j-pack-dusseldorf-7-13-maggio\/","og_site_name":"J Pack","article_publisher":"https:\/\/www.facebook.com\/JpackPackagingMachines","article_published_time":"2026-04-09T10:35:54+00:00","article_modified_time":"2026-05-04T12:25:50+00:00","og_image":[{"width":800,"height":600,"url":"https:\/\/www.jpack.it\/wp-content\/uploads\/INTERPACK-2026-DUSSELDORF-J-PACK.png","type":"image\/png"}],"author":"J Pack","twitter_card":"summary_large_image","twitter_misc":{"Escrito por":"J Pack","Tiempo de lectura":"1 minuto"},"schema":{"@context":"https:\/\/schema.org","@graph":[{"@type":"Article","@id":"https:\/\/www.jpack.it\/news\/interpack-2026-j-pack-dusseldorf-7-13-maggio\/#article","isPartOf":{"@id":"https:\/\/www.jpack.it\/news\/interpack-2026-j-pack-dusseldorf-7-13-maggio\/"},"author":{"name":"J Pack","@id":"https:\/\/www.jpack.it\/#\/schema\/person\/ecf1b6817154cee406dbea6bf3d61d9a"},"headline":"INTERPACK 2026 &#8211; J PACK &#8211; D\u00dcSSELDORF &#8211; 7-13 MAYO","datePublished":"2026-04-09T10:35:54+00:00","dateModified":"2026-05-04T12:25:50+00:00","mainEntityOfPage":{"@id":"https:\/\/www.jpack.it\/news\/interpack-2026-j-pack-dusseldorf-7-13-maggio\/"},"wordCount":245,"commentCount":0,"publisher":{"@id":"https:\/\/www.jpack.it\/#organization"},"image":{"@id":"https:\/\/www.jpack.it\/news\/interpack-2026-j-pack-dusseldorf-7-13-maggio\/#primaryimage"},"thumbnailUrl":"https:\/\/www.jpack.it\/wp-content\/uploads\/INTERPACK-2026-DUSSELDORF-J-PACK.png","articleSection":["Homepage","News"],"inLanguage":"es","potentialAction":[{"@type":"CommentAction","name":"Comment","target":["https:\/\/www.jpack.it\/news\/interpack-2026-j-pack-dusseldorf-7-13-maggio\/#respond"]}]},{"@type":"WebPage","@id":"https:\/\/www.jpack.it\/news\/interpack-2026-j-pack-dusseldorf-7-13-maggio\/","url":"https:\/\/www.jpack.it\/news\/interpack-2026-j-pack-dusseldorf-7-13-maggio\/","name":"INTERPACK 2026 - J PACK - D\u00dcSSELDORF - 7-13 MAYO - J Pack","isPartOf":{"@id":"https:\/\/www.jpack.it\/#website"},"primaryImageOfPage":{"@id":"https:\/\/www.jpack.it\/news\/interpack-2026-j-pack-dusseldorf-7-13-maggio\/#primaryimage"},"image":{"@id":"https:\/\/www.jpack.it\/news\/interpack-2026-j-pack-dusseldorf-7-13-maggio\/#primaryimage"},"thumbnailUrl":"https:\/\/www.jpack.it\/wp-content\/uploads\/INTERPACK-2026-DUSSELDORF-J-PACK.png","datePublished":"2026-04-09T10:35:54+00:00","dateModified":"2026-05-04T12:25:50+00:00","description":"J Pack participera a Interpack 2026 Es el evento m\u00e1s grande del mundo dedicado al sector del embalaje en su totalidad os esperamos en la feria","breadcrumb":{"@id":"https:\/\/www.jpack.it\/news\/interpack-2026-j-pack-dusseldorf-7-13-maggio\/#breadcrumb"},"inLanguage":"es","potentialAction":[{"@type":"ReadAction","target":["https:\/\/www.jpack.it\/news\/interpack-2026-j-pack-dusseldorf-7-13-maggio\/"]}]},{"@type":"ImageObject","inLanguage":"es","@id":"https:\/\/www.jpack.it\/news\/interpack-2026-j-pack-dusseldorf-7-13-maggio\/#primaryimage","url":"https:\/\/www.jpack.it\/wp-content\/uploads\/INTERPACK-2026-DUSSELDORF-J-PACK.png","contentUrl":"https:\/\/www.jpack.it\/wp-content\/uploads\/INTERPACK-2026-DUSSELDORF-J-PACK.png","width":800,"height":600,"caption":"INTERPACK-2026-DUSSELDORF-J-PACK"},{"@type":"BreadcrumbList","@id":"https:\/\/www.jpack.it\/news\/interpack-2026-j-pack-dusseldorf-7-13-maggio\/#breadcrumb","itemListElement":[{"@type":"ListItem","position":1,"name":"Home","item":"https:\/\/www.jpack.it\/es\/"},{"@type":"ListItem","position":2,"name":"INTERPACK 2026 &#8211; J PACK &#8211; D\u00dcSSELDORF &#8211; 7-13 MAYO"}]},{"@type":"WebSite","@id":"https:\/\/www.jpack.it\/#website","url":"https:\/\/www.jpack.it\/","name":"J Pack","description":"TERMOSALDATRICI TERMOSIGILLATRICI ALIMENTARI IN VASCHETTE, MACCHINE PER IL VUOTO","publisher":{"@id":"https:\/\/www.jpack.it\/#organization"},"potentialAction":[{"@type":"SearchAction","target":{"@type":"EntryPoint","urlTemplate":"https:\/\/www.jpack.it\/?s={search_term_string}"},"query-input":{"@type":"PropertyValueSpecification","valueRequired":true,"valueName":"search_term_string"}}],"inLanguage":"es"},{"@type":"Organization","@id":"https:\/\/www.jpack.it\/#organization","name":"J Pack Srl","url":"https:\/\/www.jpack.it\/","logo":{"@type":"ImageObject","inLanguage":"es","@id":"https:\/\/www.jpack.it\/#\/schema\/logo\/image\/","url":"https:\/\/www.jpack.it\/wp-content\/uploads\/Logo-definitivo.png","contentUrl":"https:\/\/www.jpack.it\/wp-content\/uploads\/Logo-definitivo.png","width":125,"height":65,"caption":"J Pack Srl"},"image":{"@id":"https:\/\/www.jpack.it\/#\/schema\/logo\/image\/"},"sameAs":["https:\/\/www.facebook.com\/JpackPackagingMachines","https:\/\/www.linkedin.com\/company\/jpack-packagingmachines\/","https:\/\/www.youtube.com\/jpacksrl"]},{"@type":"Person","@id":"https:\/\/www.jpack.it\/#\/schema\/person\/ecf1b6817154cee406dbea6bf3d61d9a","name":"J Pack","image":{"@type":"ImageObject","inLanguage":"es","@id":"https:\/\/secure.gravatar.com\/avatar\/8e5b7c0a99513e5f1f7c0348812cbce6c5924d0ef26d9566f470b942dc3d1222?s=96&d=mm&r=g","url":"https:\/\/secure.gravatar.com\/avatar\/8e5b7c0a99513e5f1f7c0348812cbce6c5924d0ef26d9566f470b942dc3d1222?s=96&d=mm&r=g","contentUrl":"https:\/\/secure.gravatar.com\/avatar\/8e5b7c0a99513e5f1f7c0348812cbce6c5924d0ef26d9566f470b942dc3d1222?s=96&d=mm&r=g","caption":"J Pack"}}]}},"_links":{"self":[{"href":"https:\/\/www.jpack.it\/es\/wp-json\/wp\/v2\/posts\/8822","targetHints":{"allow":["GET"]}}],"collection":[{"href":"https:\/\/www.jpack.it\/es\/wp-json\/wp\/v2\/posts"}],"about":[{"href":"https:\/\/www.jpack.it\/es\/wp-json\/wp\/v2\/types\/post"}],"author":[{"embeddable":true,"href":"https:\/\/www.jpack.it\/es\/wp-json\/wp\/v2\/users\/3"}],"replies":[{"embeddable":true,"href":"https:\/\/www.jpack.it\/es\/wp-json\/wp\/v2\/comments?post=8822"}],"version-history":[{"count":3,"href":"https:\/\/www.jpack.it\/es\/wp-json\/wp\/v2\/posts\/8822\/revisions"}],"predecessor-version":[{"id":8884,"href":"https:\/\/www.jpack.it\/es\/wp-json\/wp\/v2\/posts\/8822\/revisions\/8884"}],"wp:featuredmedia":[{"embeddable":true,"href":"https:\/\/www.jpack.it\/es\/wp-json\/wp\/v2\/media\/8809"}],"wp:attachment":[{"href":"https:\/\/www.jpack.it\/es\/wp-json\/wp\/v2\/media?parent=8822"}],"wp:term":[{"taxonomy":"category","embeddable":true,"href":"https:\/\/www.jpack.it\/es\/wp-json\/wp\/v2\/categories?post=8822"},{"taxonomy":"post_tag","embeddable":true,"href":"https:\/\/www.jpack.it\/es\/wp-json\/wp\/v2\/tags?post=8822"}],"curies":[{"name":"wp","href":"https:\/\/api.w.org\/{rel}","templated":true}]}}